{"id":614,"date":"2020-06-22T22:22:54","date_gmt":"2020-06-22T20:22:54","guid":{"rendered":"https:\/\/vunderatert.lu\/?p=614"},"modified":"2023-02-02T16:17:51","modified_gmt":"2023-02-02T15:17:51","slug":"crowdfunding-le-gaart-a-vous-a-besoin-de-materiel","status":"publish","type":"post","link":"https:\/\/vunderatert.lu\/2020\/06\/crowdfunding-le-gaart-a-vous-a-besoin-de-materiel\/","title":{"rendered":"Crowdfunding \u2013 le Gaart-\u00e0-vous a besoin de mat\u00e9riel!"},"content":{"rendered":"\n<iframe loading=\"lazy\" src=\"https:\/\/www.youtube.com\/embed\/Vh5BjG7JHag\" allow=\"accelerometer; autoplay; encrypted-media; gyroscope; picture-in-picture\" allowfullscreen=\"\" width=\"560\" height=\"315\" frameborder=\"0\"><\/iframe>\n\n\n\n<p>Depuis quatre ans, la coop\u00e9rative \u2018Vun der Atert\u2019 cultive, dans son projet &#8218;Gaart-\u00e0-vous&#8216;, des l\u00e9gumes selon le principe de l\u2019agriculture solidaire derri\u00e8re la fabrique d\u2019eau \u00e0 Beckerich.<\/p>\n\n\n\n<p>Nos jardiniers Braam, Bertrand et Sam travaillent avec enthousiasme pour vous produire les l\u00e9gumes les plus all\u00e9chants de la r\u00e9gion. <strong>Mais pour pouvoir travailler de mani\u00e8re optimale, nous avons besoin d\u2019une s\u00e9rie de mat\u00e9riel compl\u00e9mentaire.<\/strong><\/p>\n\n\n\n<p class=\"has-medium-font-size\"><a href=\"https:\/\/vunderatert.lu\/donations\/crowdfunding-des-legumes-naturels-modernes\/\" target=\"_blank\" rel=\"noreferrer noopener\">Participer \u00e0 la campagne de crowdfunding<\/a><\/p>\n\n\n\n<p><strong>De quoi avons-nous besoin?<\/strong><\/p>\n\n\n\n<div class=\"wp-block-image\"><figure class=\"alignright is-resized\"><img decoding=\"async\" loading=\"lazy\" src=\"https:\/\/vunderatert.lu\/wp-content\/uploads\/2020\/04\/Irrigation-System-1024x575.jpeg\" alt=\"\" class=\"wp-image-358\" width=\"512\" height=\"288\" srcset=\"https:\/\/vunderatert.lu\/wp-content\/uploads\/2020\/04\/Irrigation-System-1024x575.jpeg 1024w, https:\/\/vunderatert.lu\/wp-content\/uploads\/2020\/04\/Irrigation-System-600x337.jpeg 600w, https:\/\/vunderatert.lu\/wp-content\/uploads\/2020\/04\/Irrigation-System-300x168.jpeg 300w, https:\/\/vunderatert.lu\/wp-content\/uploads\/2020\/04\/Irrigation-System-768x431.jpeg 768w, https:\/\/vunderatert.lu\/wp-content\/uploads\/2020\/04\/Irrigation-System.jpeg 1080w\" sizes=\"(max-width: 512px) 100vw, 512px\" \/><\/figure><\/div>\n\n\n\n<ul><li>Un syst\u00e8me d\u2019irrigation pour le jardin. Les derni\u00e8res ann\u00e9es, nous avons pass\u00e9 beaucoup de temps pour arroser le jardin \u00e0 la main. Cette ann\u00e9e, nous voulons installer un nouveau syst\u00e8me d\u2019irrigation automatis\u00e9 et syst\u00e9matis\u00e9. Il est plus \u00e9conomique et moins consommateur en eau, car l\u2019eau est conduite goutte par goutte directement vers les plantes. <\/li><\/ul>\n\n\n\n<div class=\"wp-block-image\"><figure class=\"alignleft size-full is-resized\"><img decoding=\"async\" loading=\"lazy\" src=\"https:\/\/vunderatert.lu\/wp-content\/uploads\/2020\/04\/Tunnel.jpeg\" alt=\"\" class=\"wp-image-357\" width=\"540\" height=\"303\" srcset=\"https:\/\/vunderatert.lu\/wp-content\/uploads\/2020\/04\/Tunnel.jpeg 1080w, https:\/\/vunderatert.lu\/wp-content\/uploads\/2020\/04\/Tunnel-600x337.jpeg 600w, https:\/\/vunderatert.lu\/wp-content\/uploads\/2020\/04\/Tunnel-300x168.jpeg 300w, https:\/\/vunderatert.lu\/wp-content\/uploads\/2020\/04\/Tunnel-1024x575.jpeg 1024w, https:\/\/vunderatert.lu\/wp-content\/uploads\/2020\/04\/Tunnel-768x431.jpeg 768w\" sizes=\"(max-width: 540px) 100vw, 540px\" \/><\/figure><\/div>\n\n\n\n<ul><li>Une remorque-frigo pour garder les l\u00e9gumes au frais apr\u00e8s la r\u00e9colte \u2013 surtout aussi longtemps que nous n\u2019avons pas de frigo-container.<\/li><li>Un frigo-container pour pouvoir conserver les l\u00e9gumes au frais pendant l\u2019\u00e9t\u00e9. Ce frigo sera install\u00e9 directement \u00e0 c\u00f4t\u00e9 du jardin.<\/li><li>Du nouveau plastique et des portes pour nos tunnels: apr\u00e8s les temp\u00eates de l\u2019hiver dernier, nos tunnels ont souffert et doivent \u00eatre remplac\u00e9s bient\u00f4t.<\/li><\/ul>\n\n\n\n<div class=\"wp-block-image\"><figure class=\"alignright is-resized\"><img decoding=\"async\" loading=\"lazy\" src=\"https:\/\/vunderatert.lu\/wp-content\/uploads\/2020\/04\/Nursery-1024x575.jpeg\" alt=\"\" class=\"wp-image-359\" width=\"512\" height=\"288\" srcset=\"https:\/\/vunderatert.lu\/wp-content\/uploads\/2020\/04\/Nursery-1024x575.jpeg 1024w, https:\/\/vunderatert.lu\/wp-content\/uploads\/2020\/04\/Nursery-600x337.jpeg 600w, https:\/\/vunderatert.lu\/wp-content\/uploads\/2020\/04\/Nursery-300x168.jpeg 300w, https:\/\/vunderatert.lu\/wp-content\/uploads\/2020\/04\/Nursery-768x431.jpeg 768w, https:\/\/vunderatert.lu\/wp-content\/uploads\/2020\/04\/Nursery.jpeg 1080w\" sizes=\"(max-width: 512px) 100vw, 512px\" \/><\/figure><\/div>\n\n\n\n<ul><li>De l\u2019\u00e9quipement pour la nursery. Dans notre \u2018chambre d\u2019enfants\u2019 des plantes sont sem\u00e9es et soign\u00e9es de mani\u00e8re intense.<\/li><li>Des filets pour prot\u00e9ger les plantes<\/li><li>Du mat\u00e9riel de jardinage divers pour les b\u00e9n\u00e9voles<\/li><li>Plusieurs plantes non-l\u00e9gumes (haies, fleurs, etc.) pour aumgenter la diversit\u00e9 des esp\u00e8ces et renforcer ainsi tout le syst\u00e8me \u00e9cologique et le rendre plus r\u00e9sistent envers les maladies.<\/li><\/ul>\n\n\n\n<p><strong>De combien d\u2019argent avons-nous besoin?<\/strong><\/p>\n\n\n\n<p>Notre but est de collecter <strong>20.000 euros<\/strong>. C\u2019est la somme dont nous avons besoin pour financer tout ce mat\u00e9riel. Exemple: le frigo-container co\u00fbte 4000 euros, le syst\u00e8me d\u2019irrigation pour une parcelle environ 400 euros.<\/p>\n\n\n\n<p><strong>Comment pouvez-vous aider?<\/strong><\/p>\n\n\n\n<p><strong><a href=\"https:\/\/vunderatert.lu\/donations\/crowdfunding-des-legumes-naturels-modernes\/\" target=\"_blank\" rel=\"noreferrer noopener\">C\u2019est tr\u00e8s simple: en faisant un don<\/a><\/strong><\/p>\n\n\n\n<p>Aidez-nous \u00e0 mieux nous \u00e9quiper et investissez ainsi dans la production de l\u00e9gumes bio. Vous aidez notre r\u00e9gion \u00e0 devenir un peu plus ind\u00e9pendant du march\u00e9 mondial et de la production industrielle des aliments.<\/p>\n\n\n\n<p><strong>Et en retour?<\/strong><\/p>\n\n\n\n<p>Il va de soi que nous voulons remercier vous remercier! Pour cela, nous vous invitons tous \u00e0 une petite f\u00eate au jardin autour d\u2019une bonne soupe aux l\u00e9gumes et d\u2019autres friandises du jardin.<\/p>\n\n\n\n<p>Les personnes qui font un don de plus de 100 euros auront une participation gratuite \u00e0 un de nos workshops qui seront organis\u00e9s au cours de la saison:<\/p>\n\n\n\n<ul><li>La vie du sol du jardin<\/li><li>Comment faire des pr\u00e9parats pour soutenir le sol? (purins, mac\u00e9rations\u2026)<\/li><li>Les plantes m\u00e9dicinales (comment pr\u00e9parer des teintures m\u00e8res pour se soigner?)<\/li><li>Tout autour du semis<\/li><li>la taille des arbres fruitiers<\/li><\/ul>\n","protected":false},"excerpt":{"rendered":"<p>Depuis quatre ans, la coop\u00e9rative \u2018Vun der Atert\u2019 cultive, dans son projet &#8218;Gaart-\u00e0-vous&#8216;, des l\u00e9gumes selon le principe de l\u2019agriculture solidaire derri\u00e8re la fabrique d\u2019eau \u00e0 Beckerich. Nos jardiniers Braam, Bertrand et Sam travaillent avec enthousiasme pour vous produire les l\u00e9gumes les plus all\u00e9chants de la r\u00e9gion. Mais pour pouvoir travailler de mani\u00e8re optimale, nous&hellip;&nbsp;<a href=\"https:\/\/vunderatert.lu\/2020\/06\/crowdfunding-le-gaart-a-vous-a-besoin-de-materiel\/\" class=\"\" rel=\"bookmark\">Weiterlesen &raquo;<span class=\"screen-reader-text\">Crowdfunding \u2013 le Gaart-\u00e0-vous a besoin de mat\u00e9riel!<\/span><\/a><\/p>\n","protected":false},"author":2,"featured_media":409,"comment_status":"closed","ping_status":"open","sticky":false,"template":"","format":"standard","meta":{"neve_meta_sidebar":"","neve_meta_container":"","neve_meta_enable_content_width":"off","neve_meta_content_width":0,"neve_meta_title_alignment":"","neve_meta_author_avatar":"","neve_post_elements_order":"","neve_meta_disable_header":"","neve_meta_disable_footer":"","neve_meta_disable_title":"","_themeisle_gutenberg_block_has_review":false},"categories":[12],"tags":[49],"_links":{"self":[{"href":"https:\/\/vunderatert.lu\/wp-json\/wp\/v2\/posts\/614"}],"collection":[{"href":"https:\/\/vunderatert.lu\/wp-json\/wp\/v2\/posts"}],"about":[{"href":"https:\/\/vunderatert.lu\/wp-json\/wp\/v2\/types\/post"}],"author":[{"embeddable":true,"href":"https:\/\/vunderatert.lu\/wp-json\/wp\/v2\/users\/2"}],"replies":[{"embeddable":true,"href":"https:\/\/vunderatert.lu\/wp-json\/wp\/v2\/comments?post=614"}],"version-history":[{"count":1,"href":"https:\/\/vunderatert.lu\/wp-json\/wp\/v2\/posts\/614\/revisions"}],"predecessor-version":[{"id":1239,"href":"https:\/\/vunderatert.lu\/wp-json\/wp\/v2\/posts\/614\/revisions\/1239"}],"wp:featuredmedia":[{"embeddable":true,"href":"https:\/\/vunderatert.lu\/wp-json\/wp\/v2\/media\/409"}],"wp:attachment":[{"href":"https:\/\/vunderatert.lu\/wp-json\/wp\/v2\/media?parent=614"}],"wp:term":[{"taxonomy":"category","embeddable":true,"href":"https:\/\/vunderatert.lu\/wp-json\/wp\/v2\/categories?post=614"},{"taxonomy":"post_tag","embeddable":true,"href":"https:\/\/vunderatert.lu\/wp-json\/wp\/v2\/tags?post=614"}],"curies":[{"name":"wp","href":"https:\/\/api.w.org\/{rel}","templated":true}]}}