{"id":1119,"date":"2021-05-23T21:19:52","date_gmt":"2021-05-23T19:19:52","guid":{"rendered":"https:\/\/vunderatert.lu\/?p=1119"},"modified":"2023-02-02T16:18:15","modified_gmt":"2023-02-02T15:18:15","slug":"ca-pousse-mais-tres-froidement","status":"publish","type":"post","link":"https:\/\/vunderatert.lu\/2021\/05\/ca-pousse-mais-tres-froidement\/","title":{"rendered":"\u00c7a pousse, mais tr\u00e8s froidement"},"content":{"rendered":"\n<p>Alors que les r\u00e9flexions du moment abordent r\u00e9guli\u00e8rement le r\u00e9chauffement climatique, \u00e0 juste titre, les changements m\u00e9t\u00e9o que nous observons au jardin sont d&#8217;un autre ordre\u00a0: il fait tr\u00e8s froid, apr\u00e8s un mois de mars qui a vu certaines plantes br\u00fbl\u00e9es par trop de soleil.<\/p>\n\n\n\n<p>Nous avons commenc\u00e9 la saison par l&#8217;installation des premi\u00e8res salades, persil, blettes et \u00e9pinards sous serres, pour les prot\u00e9ger des vents froids de la fin de l&#8217;hiver. Vous avez pu les manger depuis quelques semaines. Elles c\u00e8dent maintenant progressivement leur place aux cultures d&#8217;\u00e9t\u00e9 (tomates, concombres, aubergines, paprika,&#8230;).<\/p>\n\n\n\n<div class=\"is-layout-flex wp-container-5 wp-block-columns\">\n<div class=\"is-layout-flow wp-block-column\" style=\"flex-basis:100%\">\n<div class=\"is-layout-flex wp-container-3 wp-block-columns\">\n<div class=\"is-layout-flow wp-block-column\" style=\"flex-basis:33.33%\">\n<figure class=\"wp-block-image size-large\"><img decoding=\"async\" loading=\"lazy\" width=\"576\" height=\"1024\" src=\"https:\/\/vunderatert.lu\/wp-content\/uploads\/2021\/05\/mai2021-576x1024.jpeg\" alt=\"cultures sous voiles, mai 2021\" class=\"wp-image-1125\" srcset=\"https:\/\/vunderatert.lu\/wp-content\/uploads\/2021\/05\/mai2021-576x1024.jpeg 576w, https:\/\/vunderatert.lu\/wp-content\/uploads\/2021\/05\/mai2021-169x300.jpeg 169w, https:\/\/vunderatert.lu\/wp-content\/uploads\/2021\/05\/mai2021-768x1366.jpeg 768w, https:\/\/vunderatert.lu\/wp-content\/uploads\/2021\/05\/mai2021-864x1536.jpeg 864w, https:\/\/vunderatert.lu\/wp-content\/uploads\/2021\/05\/mai2021.jpeg 899w\" sizes=\"(max-width: 576px) 100vw, 576px\" \/><figcaption>sous voiles en mai 2021: salades, choux, c\u00e9leri, ciboule<\/figcaption><\/figure>\n<\/div>\n\n\n\n<div class=\"is-layout-flow wp-block-column\" style=\"flex-basis:66.66%\">\n<p>Les cultures suivantes (navets, choux, ciboule, salades, carottes, fenouil, \u00e9pinards) ont \u00e9t\u00e9 install\u00e9es sous des voiles de for\u00e7ages entre mars et avril pour les prot\u00e9ger des gels nocturnes. Une longue p\u00e9riode de vent du nord froid et tr\u00e8s sec \u00e0 consid\u00e9rablement ralenti la croissance de ces plants, emportant au passage l&#8217;eau qu&#8217;ils arrivaient \u00e0 extraire du sol.<\/p>\n\n\n\n<p>On estime qu&#8217;ils ont 3 \u00e0 4 semaines de retard de croissance, mais ces cultures reprennent maintenant doucement un rythme de croissance plus habituel, gr\u00e2ce \u00e0 la pluie de ces derni\u00e8res semaines et aux temp\u00e9ratures un peu plus cl\u00e9mentes.<\/p>\n\n\n\n<p>Nous attendons avec impatience les prochains l\u00e9gumes de printemps&#8230; et que le partage avec les limaces et les campagnols soit \u00e9quitable !<\/p>\n\n\n\n<p>Pour information, nous sommes en permanence \u00e0 la recherche de pav\u00e9s autobloquants pour lester nos voiles, m\u00eame en petites quantit\u00e9s. N&#8217;h\u00e9sitez pas \u00e0 en parler autour de vous \ud83d\ude09<\/p>\n<\/div>\n<\/div>\n<\/div>\n<\/div>\n","protected":false},"excerpt":{"rendered":"<p>Alors que les r\u00e9flexions du moment abordent r\u00e9guli\u00e8rement le r\u00e9chauffement climatique, \u00e0 juste titre, les changements m\u00e9t\u00e9o que nous observons au jardin sont d&#8217;un autre ordre\u00a0: il fait tr\u00e8s froid, apr\u00e8s un mois de mars qui a vu certaines plantes br\u00fbl\u00e9es par trop de soleil. Nous avons commenc\u00e9 la saison par l&#8217;installation des premi\u00e8res salades,&hellip;&nbsp;<a href=\"https:\/\/vunderatert.lu\/2021\/05\/ca-pousse-mais-tres-froidement\/\" class=\"\" rel=\"bookmark\">Read More &raquo;<span class=\"screen-reader-text\">\u00c7a pousse, mais tr\u00e8s froidement<\/span><\/a><\/p>\n","protected":false},"author":1,"featured_media":1118,"comment_status":"closed","ping_status":"open","sticky":false,"template":"","format":"standard","meta":{"neve_meta_sidebar":"","neve_meta_container":"","neve_meta_enable_content_width":"","neve_meta_content_width":0,"neve_meta_title_alignment":"","neve_meta_author_avatar":"","neve_post_elements_order":"","neve_meta_disable_header":"","neve_meta_disable_footer":"","neve_meta_disable_title":"","_themeisle_gutenberg_block_has_review":false},"categories":[12],"tags":[11,113],"_links":{"self":[{"href":"https:\/\/vunderatert.lu\/wp-json\/wp\/v2\/posts\/1119"}],"collection":[{"href":"https:\/\/vunderatert.lu\/wp-json\/wp\/v2\/posts"}],"about":[{"href":"https:\/\/vunderatert.lu\/wp-json\/wp\/v2\/types\/post"}],"author":[{"embeddable":true,"href":"https:\/\/vunderatert.lu\/wp-json\/wp\/v2\/users\/1"}],"replies":[{"embeddable":true,"href":"https:\/\/vunderatert.lu\/wp-json\/wp\/v2\/comments?post=1119"}],"version-history":[{"count":1,"href":"https:\/\/vunderatert.lu\/wp-json\/wp\/v2\/posts\/1119\/revisions"}],"predecessor-version":[{"id":1222,"href":"https:\/\/vunderatert.lu\/wp-json\/wp\/v2\/posts\/1119\/revisions\/1222"}],"wp:featuredmedia":[{"embeddable":true,"href":"https:\/\/vunderatert.lu\/wp-json\/wp\/v2\/media\/1118"}],"wp:attachment":[{"href":"https:\/\/vunderatert.lu\/wp-json\/wp\/v2\/media?parent=1119"}],"wp:term":[{"taxonomy":"category","embeddable":true,"href":"https:\/\/vunderatert.lu\/wp-json\/wp\/v2\/categories?post=1119"},{"taxonomy":"post_tag","embeddable":true,"href":"https:\/\/vunderatert.lu\/wp-json\/wp\/v2\/tags?post=1119"}],"curies":[{"name":"wp","href":"https:\/\/api.w.org\/{rel}","templated":true}]}}