{"id":433,"date":"2020-05-04T12:58:57","date_gmt":"2020-05-04T10:58:57","guid":{"rendered":"https:\/\/vunderatert.lu\/?p=433"},"modified":"2023-02-02T16:17:51","modified_gmt":"2023-02-02T15:17:51","slug":"debut-des-distributions","status":"publish","type":"post","link":"https:\/\/vunderatert.lu\/2020\/05\/debut-des-distributions\/","title":{"rendered":"D\u00e9but des distributions"},"content":{"rendered":"\n<p>Les distributions de nos l\u00e9gumes locaux et de saison d\u00e9marrent en douceur en ce d\u00e9but de mai, au rythme des r\u00e9coltes et de la nature.<\/p>\n\n\n\n<p>Chaque personne abonn\u00e9e recevra dans le courant de la <strong>premi\u00e8re semaine de mai<\/strong> un email lui indiquant quels l\u00e9gumes seront disponible pour elle, selon ses commandes et au rythme approximatif de une semaine sur deux en ce d\u00e9but de saison.<\/p>\n\n\n\n<p>Les distributions sont organis\u00e9es les vendredis entre 18 h et 19h30, \u00e0 Beckerich, sur notre terrain &#8220;Gaart-\u00e0-Vous&#8221; derri\u00e8re l&#8217;usine des eaux min\u00e9rales de Beckerich (voir <a href=\"https:\/\/vunderatert.lu\/index.php\/plan-dacces\/\">plan d&#8217;acc\u00e8s<\/a>).<\/p>\n\n\n\n<p>Des am\u00e9nagements adapt\u00e9s sont mis en place dans le cadre des mesures sanitaires en vigueur pour lutter contre la transmission du COVID-19. Nous vous prions de nous excuser pour les d\u00e9sagr\u00e9ments occasionn\u00e9s et de suivre les consignes pr\u00e9cises. Si vous \u00eates porteur du virus nous vous prions de ne pas vous rendre \u00e0 la distribution, et d&#8217;organiser la r\u00e9cup\u00e9ration de vos l\u00e9gumes par une tierce personne.<\/p>\n","protected":false},"excerpt":{"rendered":"<p>Les distributions de nos l\u00e9gumes locaux et de saison d\u00e9marrent en douceur en ce d\u00e9but de mai, au rythme des r\u00e9coltes et de la nature. Chaque personne abonn\u00e9e recevra dans le courant de la premi\u00e8re semaine de mai un email lui indiquant quels l\u00e9gumes seront disponible pour elle, selon ses commandes et au rythme approximatif&hellip;&nbsp;<a href=\"https:\/\/vunderatert.lu\/2020\/05\/debut-des-distributions\/\" class=\"\" rel=\"bookmark\">Read More &raquo;<span class=\"screen-reader-text\">D\u00e9but des distributions<\/span><\/a><\/p>\n","protected":false},"author":1,"featured_media":435,"comment_status":"closed","ping_status":"open","sticky":false,"template":"","format":"standard","meta":{"neve_meta_sidebar":"","neve_meta_container":"","neve_meta_enable_content_width":"off","neve_meta_content_width":0,"neve_meta_title_alignment":"","neve_meta_author_avatar":"","neve_post_elements_order":"","neve_meta_disable_header":"","neve_meta_disable_footer":"","neve_meta_disable_title":"","_themeisle_gutenberg_block_has_review":false},"categories":[12],"tags":[19],"_links":{"self":[{"href":"https:\/\/vunderatert.lu\/wp-json\/wp\/v2\/posts\/433"}],"collection":[{"href":"https:\/\/vunderatert.lu\/wp-json\/wp\/v2\/posts"}],"about":[{"href":"https:\/\/vunderatert.lu\/wp-json\/wp\/v2\/types\/post"}],"author":[{"embeddable":true,"href":"https:\/\/vunderatert.lu\/wp-json\/wp\/v2\/users\/1"}],"replies":[{"embeddable":true,"href":"https:\/\/vunderatert.lu\/wp-json\/wp\/v2\/comments?post=433"}],"version-history":[{"count":1,"href":"https:\/\/vunderatert.lu\/wp-json\/wp\/v2\/posts\/433\/revisions"}],"predecessor-version":[{"id":1244,"href":"https:\/\/vunderatert.lu\/wp-json\/wp\/v2\/posts\/433\/revisions\/1244"}],"wp:featuredmedia":[{"embeddable":true,"href":"https:\/\/vunderatert.lu\/wp-json\/wp\/v2\/media\/435"}],"wp:attachment":[{"href":"https:\/\/vunderatert.lu\/wp-json\/wp\/v2\/media?parent=433"}],"wp:term":[{"taxonomy":"category","embeddable":true,"href":"https:\/\/vunderatert.lu\/wp-json\/wp\/v2\/categories?post=433"},{"taxonomy":"post_tag","embeddable":true,"href":"https:\/\/vunderatert.lu\/wp-json\/wp\/v2\/tags?post=433"}],"curies":[{"name":"wp","href":"https:\/\/api.w.org\/{rel}","templated":true}]}}