{"id":1141,"date":"2021-07-10T10:25:02","date_gmt":"2021-07-10T08:25:02","guid":{"rendered":"https:\/\/vunderatert.lu\/?p=1141"},"modified":"2023-02-02T16:18:15","modified_gmt":"2023-02-02T15:18:15","slug":"vie-du-sol-compost-et-bokashi-dimanche-11-juillet-au-jardin","status":"publish","type":"post","link":"https:\/\/vunderatert.lu\/2021\/07\/vie-du-sol-compost-et-bokashi-dimanche-11-juillet-au-jardin\/","title":{"rendered":"Vie du sol, compost et bokashi ? dimanche 11 juillet au jardin !"},"content":{"rendered":"\n<p>Quel est le lien entre des bons l\u00e9gumes, les champignons, la fermentation, l&#8217;effet de serre et un sol en bonne sant\u00e9 ?<\/p>\n\n\n\n<p>Pourquoi Sam et Braam d\u00e9chiqu\u00e8tent-ils les restes des cultures? C&#8217;est quoi un compost, et un bokashi, un ver de terre ?<\/p>\n\n\n\n<p>Venez le d\u00e9couvrir en pratique au cours d&#8217;une matin\u00e9e anim\u00e9e au jardin Gaart-\u00e0-Vous, \u00e0 Beckerich, ce dimance 11 juillet entre 9 et 12h (<a href=\"https:\/\/vunderatert.lu\/contact\/plan-dacces\/\" data-type=\"page\" data-id=\"440\">plan d&#8217;acc\u00e8s<\/a>)<\/p>\n\n\n\n<figure class=\"wp-block-video alignright ticss-e6fc023a\"><video controls src=\"https:\/\/vunderatert.lu\/wp-content\/uploads\/2021\/07\/hache-paille2021.mp4\"><\/video><\/figure>\n\n\n\n<p>Emmenez votre envie d&#8217;observer, de toucher, de sentir, une paire de gants de jardin, des bottes et une gourde d&#8217;eau.<\/p>\n\n\n\n<p>Prix: libre \u00e0 votre appr\u00e9ciation (aussi en Beki)<br>Enfants: bienvenus sous votre encadrement<br>Langues: FR et DE approximatif, discussions EN et LU possibles<br>Chiens: en laisse uniquement (nos poules se baladent)<br><br><a href=\"https:\/\/www.facebook.com\/vunderatert\/posts\/2947252555491257\">Parlez-en sur Facebook<\/a> pour nous aider !<\/p>\n","protected":false},"excerpt":{"rendered":"<p>Quel est le lien entre des bons l\u00e9gumes, les champignons, la fermentation, l&#8217;effet de serre et un sol en bonne sant\u00e9 ? Pourquoi Sam et Braam d\u00e9chiqu\u00e8tent-ils les restes des cultures? C&#8217;est quoi un compost, et un bokashi, un ver de terre ? Venez le d\u00e9couvrir en pratique au cours d&#8217;une matin\u00e9e anim\u00e9e au jardin&hellip;&nbsp;<a href=\"https:\/\/vunderatert.lu\/2021\/07\/vie-du-sol-compost-et-bokashi-dimanche-11-juillet-au-jardin\/\" class=\"\" rel=\"bookmark\">Weiterlesen &raquo;<span class=\"screen-reader-text\">Vie du sol, compost et bokashi ? dimanche 11 juillet au jardin !<\/span><\/a><\/p>\n","protected":false},"author":1,"featured_media":1142,"comment_status":"closed","ping_status":"open","sticky":false,"template":"","format":"standard","meta":{"neve_meta_sidebar":"","neve_meta_container":"","neve_meta_enable_content_width":"","neve_meta_content_width":0,"neve_meta_title_alignment":"","neve_meta_author_avatar":"","neve_post_elements_order":"","neve_meta_disable_header":"","neve_meta_disable_footer":"","neve_meta_disable_title":"","_themeisle_gutenberg_block_has_review":false},"categories":[12],"tags":[52],"_links":{"self":[{"href":"https:\/\/vunderatert.lu\/wp-json\/wp\/v2\/posts\/1141"}],"collection":[{"href":"https:\/\/vunderatert.lu\/wp-json\/wp\/v2\/posts"}],"about":[{"href":"https:\/\/vunderatert.lu\/wp-json\/wp\/v2\/types\/post"}],"author":[{"embeddable":true,"href":"https:\/\/vunderatert.lu\/wp-json\/wp\/v2\/users\/1"}],"replies":[{"embeddable":true,"href":"https:\/\/vunderatert.lu\/wp-json\/wp\/v2\/comments?post=1141"}],"version-history":[{"count":1,"href":"https:\/\/vunderatert.lu\/wp-json\/wp\/v2\/posts\/1141\/revisions"}],"predecessor-version":[{"id":1216,"href":"https:\/\/vunderatert.lu\/wp-json\/wp\/v2\/posts\/1141\/revisions\/1216"}],"wp:featuredmedia":[{"embeddable":true,"href":"https:\/\/vunderatert.lu\/wp-json\/wp\/v2\/media\/1142"}],"wp:attachment":[{"href":"https:\/\/vunderatert.lu\/wp-json\/wp\/v2\/media?parent=1141"}],"wp:term":[{"taxonomy":"category","embeddable":true,"href":"https:\/\/vunderatert.lu\/wp-json\/wp\/v2\/categories?post=1141"},{"taxonomy":"post_tag","embeddable":true,"href":"https:\/\/vunderatert.lu\/wp-json\/wp\/v2\/tags?post=1141"}],"curies":[{"name":"wp","href":"https:\/\/api.w.org\/{rel}","templated":true}]}}