{"id":534,"date":"2020-05-21T10:14:00","date_gmt":"2020-05-21T08:14:00","guid":{"rendered":"https:\/\/vunderatert.lu\/?p=534"},"modified":"2023-02-02T16:17:51","modified_gmt":"2023-02-02T15:17:51","slug":"jardin-participatif-ce-samedi-23-mai","status":"publish","type":"post","link":"https:\/\/vunderatert.lu\/2020\/05\/jardin-participatif-ce-samedi-23-mai\/","title":{"rendered":"Jardin participatif ce samedi 23 mai"},"content":{"rendered":"\n<p>Notre chantier mensuel habituel (le 2e samedi de chaque mois) n&#8217;a pas pu \u00eatre organis\u00e9 suite aux mesures de confinement.<\/p>\n\n\n\n<p>Nous serons donc au jardin <strong>ce samedi 23 mai, de 9 \u00e0 13h<\/strong>, pour planter les courges, et vous proposons de nous rejoindre si vous le souhaitez.  Emportez de pr\u00e9f\u00e9rence un masque bucal, des gants de travail, et \u00e9ventuellement une brouette de jardinage si c&#8217;est facile pour vous. Voyez <a href=\"https:\/\/vunderatert.lu\/plan-dacces\/\">le plan d&#8217;acc\u00e8s<\/a> en cas de besoin.<\/p>\n\n\n\n<p>Comme d&#8217;habitude, les enfants sont les bienvenus sous la responsabilit\u00e9 de leurs parents. Si vous souhaitez \u00e9viter les contacts entre enfants dans les circonstances sanitaires actuelles nous vous conseillons exceptionnellement de ne pas nous rejoindre.<\/p>\n\n\n\n<p>Pour assurer notre s\u00e9curit\u00e9 \u00e0 tous, les mesures recommand\u00e9es par le gouvernement seront \u00e9videment en vigueur: <\/p>\n\n\n\n<blockquote class=\"wp-block-quote\"><p>Vous pouvez former un groupe de maximum vingt personnes en plein air dans un lieu public, \u00e0 condition de respecter les r\u00e8gles de distanciation et de port du masque. La r\u00e8gle des vingt personnes vaut aussi pour la c\u00e9l\u00e9bration des mariages, des partenariats civils et les fun\u00e9railles.<\/p><p>Vous pouvez poursuivre des activit\u00e9s de loisirs ou sportives en plein air &#8211; hors comp\u00e9tition et sans public &#8211; \u00e0 condition de respecter les conditions de s\u00e9curit\u00e9, de distanciement et d\u2019hygi\u00e8ne appropri\u00e9es.<\/p><cite><a href=\"https:\/\/gouvernement.lu\/fr\/dossiers.gouv_msan+fr+dossiers+2020+corona-virus.html\">gouvernement.lu<\/a><\/cite><\/blockquote>\n","protected":false},"excerpt":{"rendered":"<p>Notre chantier mensuel habituel (le 2e samedi de chaque mois) n&#8217;a pas pu \u00eatre organis\u00e9 suite aux mesures de confinement. Nous serons donc au jardin ce samedi 23 mai, de 9 \u00e0 13h, pour planter les courges, et vous proposons de nous rejoindre si vous le souhaitez. Emportez de pr\u00e9f\u00e9rence un masque bucal, des gants&hellip;&nbsp;<a href=\"https:\/\/vunderatert.lu\/2020\/05\/jardin-participatif-ce-samedi-23-mai\/\" class=\"\" rel=\"bookmark\">Weiterlesen &raquo;<span class=\"screen-reader-text\">Jardin participatif ce samedi 23 mai<\/span><\/a><\/p>\n","protected":false},"author":1,"featured_media":535,"comment_status":"closed","ping_status":"open","sticky":false,"template":"","format":"standard","meta":{"neve_meta_sidebar":"","neve_meta_container":"","neve_meta_enable_content_width":"off","neve_meta_content_width":0,"neve_meta_title_alignment":"","neve_meta_author_avatar":"","neve_post_elements_order":"","neve_meta_disable_header":"","neve_meta_disable_footer":"","neve_meta_disable_title":"","_themeisle_gutenberg_block_has_review":false},"categories":[12],"tags":[45,46],"_links":{"self":[{"href":"https:\/\/vunderatert.lu\/wp-json\/wp\/v2\/posts\/534"}],"collection":[{"href":"https:\/\/vunderatert.lu\/wp-json\/wp\/v2\/posts"}],"about":[{"href":"https:\/\/vunderatert.lu\/wp-json\/wp\/v2\/types\/post"}],"author":[{"embeddable":true,"href":"https:\/\/vunderatert.lu\/wp-json\/wp\/v2\/users\/1"}],"replies":[{"embeddable":true,"href":"https:\/\/vunderatert.lu\/wp-json\/wp\/v2\/comments?post=534"}],"version-history":[{"count":1,"href":"https:\/\/vunderatert.lu\/wp-json\/wp\/v2\/posts\/534\/revisions"}],"predecessor-version":[{"id":1243,"href":"https:\/\/vunderatert.lu\/wp-json\/wp\/v2\/posts\/534\/revisions\/1243"}],"wp:featuredmedia":[{"embeddable":true,"href":"https:\/\/vunderatert.lu\/wp-json\/wp\/v2\/media\/535"}],"wp:attachment":[{"href":"https:\/\/vunderatert.lu\/wp-json\/wp\/v2\/media?parent=534"}],"wp:term":[{"taxonomy":"category","embeddable":true,"href":"https:\/\/vunderatert.lu\/wp-json\/wp\/v2\/categories?post=534"},{"taxonomy":"post_tag","embeddable":true,"href":"https:\/\/vunderatert.lu\/wp-json\/wp\/v2\/tags?post=534"}],"curies":[{"name":"wp","href":"https:\/\/api.w.org\/{rel}","templated":true}]}}