{"id":614,"date":"2020-06-22T22:22:54","date_gmt":"2020-06-22T20:22:54","guid":{"rendered":"https:\/\/vunderatert.lu\/?p=614"},"modified":"2023-02-02T16:17:51","modified_gmt":"2023-02-02T15:17:51","slug":"crowdfunding-le-gaart-a-vous-a-besoin-de-materiel","status":"publish","type":"post","link":"https:\/\/vunderatert.lu\/2020\/06\/crowdfunding-le-gaart-a-vous-a-besoin-de-materiel\/","title":{"rendered":"Crowdfunding \u2013 de Gaart-\u00e0-vous brauch Material"},"content":{"rendered":"<div class=\"nv-iframe-embed\"><iframe loading=\"lazy\" title=\"Crowdfunding Kampagne - de Gaart-\u00e0-vous brauch Material\" width=\"1200\" height=\"675\" src=\"https:\/\/www.youtube.com\/embed\/UVYzmAhBzDY?feature=oembed\" frameborder=\"0\" allow=\"accelerometer; autoplay; clipboard-write; encrypted-media; gyroscope; picture-in-picture\" allowfullscreen><\/iframe><\/div>\n<p>Zanter v\u00e9ier Joer baue mir vun der Kooperative \u2018Vun der Atert\u2019 an eisem Projet \u2018Gaart-\u00e0-vous\u2019 nom Prinzip vun der solidarescher Landwirtschaft zu Beckerich hannert der Waasserfabrik Gem\u00e9is un.<\/p>\n<p>Eis G\u00e4ertner Braam, Bertrand a Sam schaffe fl\u00e4isseg fir iech dat leckerste Gem\u00e9is aus der G\u00e9igend ze produz\u00e9ieren. Mee fir optimal kennen ze schaffe brauche mir nach eng R\u00ebtsch zous\u00e4tzlecht Material am Gaart.<\/p>\n<p><strong><a href=\"https:\/\/vunderatert.lu\/donations\/crowdfunding-des-legumes-naturels-modernes\/\" target=\"_blank\" rel=\"noreferrer noopener\">Maacht bei der Crowdfunding mat<\/a><\/strong><\/p>\n<div class=\"wp-block-image\">\n<figure class=\"alignright is-resized\"><img decoding=\"async\" loading=\"lazy\" src=\"https:\/\/vunderatert.lu\/wp-content\/uploads\/2020\/04\/Irrigation-System-1024x575.jpeg\" alt=\"L\u2019attribut alt de cette image est vide, son nom de fichier est Irrigation-System-1024x575.jpeg.\" width=\"512\" height=\"288\" \/><\/figure>\n<\/div>\n<p><strong>Wat g\u00ebtt gebraucht?<\/strong><\/p>\n<ul>\n<li>E Bew\u00e4sserungssystem fir de Gaart. Di lescht Joren ass immens vill Z\u00e4it drop verluer gaangen, fir mat der Hand ze netzen. D\u00ebst Joer w\u00eblle mir ee Bew\u00e4sserungssystem install\u00e9ieren. Deen ass och vill m\u00e9i waasserspuerend an \u00f6kologesch, well d\u2019Waasser dr\u00ebpsweis direkt bei d\u2019Planze kennt a manner duerch Verdonstung verluer geet.<\/li>\n<\/ul>\n<ul>\n<li>Neie Plastik an Diere fir eis Z\u00e4ren: no de Stierm d\u00ebse Wanter hunn eis Tunnellen uerg gelidden a missten deemn\u00e4chst ersat a gefl\u00e9ckt ginn.<\/li>\n<\/ul>\n<div class=\"wp-block-image\">\n<figure class=\"alignright is-resized\"><img decoding=\"async\" loading=\"lazy\" src=\"https:\/\/vunderatert.lu\/wp-content\/uploads\/2020\/04\/Tunnel-1024x575.jpeg\" alt=\"L\u2019attribut alt de cette image est vide, son nom de fichier est Tunnel-1024x575.jpeg.\" width=\"512\" height=\"288\" \/><\/figure>\n<\/div>\n<ul>\n<li>1 Containerunh\u00e4nger fir d\u2019Gem\u00e9is bei a no der Ernte fr\u00ebsch ze lageren \u2013 virun allem esou laang mir nach kee Containerfrigo hunn.<\/li>\n<li>1 Containerfrigo fir datt mir d\u2019Gem\u00e9is och am Summer k\u00ebnnen optimal notzen. D\u00ebse Frigo soll direkt beim Gaart install\u00e9iert ginn.<\/li>\n<\/ul>\n<div class=\"wp-block-image\">\n<figure class=\"alignleft is-resized\"><img decoding=\"async\" loading=\"lazy\" src=\"https:\/\/vunderatert.lu\/wp-content\/uploads\/2020\/04\/Nursery-1024x575.jpeg\" alt=\"L\u2019attribut alt de cette image est vide, son nom de fichier est Nursery-1024x575.jpeg.\" width=\"512\" height=\"288\" \/><\/figure>\n<\/div>\n<ul>\n<li>Equipement fir d\u2019Opzuchtstatioun. An eiser \u201cKannerstuff\u201d gi Planzen uges\u00e9it a w\u00e4rend deenen \u00e9ischte Wochen intensiv betreit.Netzer fir d\u2019Planzen ze sch\u00fctzen.Diverst anert klengt Material (Sch\u00ebppen, Reecher, etc.) fir d\u2019Benevolen.Verschidden \u201cNet-Gem\u00e9is\u201d-Planzen (Str\u00e4icher, Blummen, etc.) fir d\u2019Aartevillfalt am Gaart ze erh\u00e9ijen an sou de gesamten \u00d6kosystem ze st\u00e4rken a manner uf\u00e4lleg fir Krankheeten a Sch\u00e4dlingen ze sinn.<\/li>\n<\/ul>\n<p><strong>W\u00e9ivill Sue gi gebraucht?<\/strong><\/p>\n<p>Eist Zil ass et,\u00a0<strong>20.000 Euro<\/strong>\u00a0ze sammelen. Dat ass d\u2019Zomme d\u00e9i mir brauchen, fir all d\u00ebst Material ze finanz\u00e9ieren. Als Beispill: De Containerfrigo kascht 4000 Euro, de Bew\u00e4sserungssystem fir eng Parzelle ca. 400 \u20ac.<\/p>\n<p><strong>W\u00e9i kennt dir h\u00ebllefen?<\/strong><\/p>\n<p>Ganz einfach: Maacht eis een Don<\/p>\n<p>H\u00eblleft eis, eis besser opzestellen an invest\u00e9iert sou an d\u00e9i lokal Produktioun vu Bio-Gem\u00e9is. Sou h\u00eblleft dir eis Regioun e St\u00e9ck w\u00e4it m\u00e9i onofh\u00e4ngeg vum weltw\u00e4iten Handel an industrieller Liewensm\u00ebttelproduktioun ze maachen.<\/p>\n<p>&nbsp;<\/p>\n<p><strong>An als Merci<\/strong>?<\/p>\n<p>Natierlech ass et eis wichteg, all deene Leit Merci ze soen, d\u00e9i eis \u00ebnnerst\u00ebtzten! Dofir invit\u00e9iere mir Iech emol op eng kleng Feier mat Gem\u00e9iszopp an anere Leckereien an eise sch\u00e9ine Gaart.<\/p>\n<p>D\u00e9i Leit, d\u00e9i en Don vun iwwer 100 Euro maachen, kr\u00e9ien als Merci eng gratis Participatioun un engem vun eise Workshopen, d\u00e9i mir am Laf vun der Saison w\u00e4erten organis\u00e9ieren:<\/p>\n<ul>\n<li>eise liewege Buedem<\/li>\n<li>W\u00e9i kann ech Pr\u00e9parater fir de Buedem ze \u00ebnnerst\u00ebtzten (Jauche, Mazerater, \u2026)<\/li>\n<li>Medizinesch Planzen (w\u00e9i kann ech verschidden Tinkturen usetzen d\u00e9i ech an der Hausmedizin ka benotzen?)<\/li>\n<li>Alles ronderem de Som<\/li>\n<li>Uebstbamschn\u00ebttcours<\/li>\n<\/ul>\n","protected":false},"excerpt":{"rendered":"<p>Zanter v\u00e9ier Joer baue mir vun der Kooperative \u2018Vun der Atert\u2019 an eisem Projet \u2018Gaart-\u00e0-vous\u2019 nom Prinzip vun der solidarescher Landwirtschaft zu Beckerich hannert der Waasserfabrik Gem\u00e9is un. Eis G\u00e4ertner Braam, Bertrand a Sam schaffe fl\u00e4isseg fir iech dat leckerste Gem\u00e9is aus der G\u00e9igend ze produz\u00e9ieren. Mee fir optimal kennen ze schaffe brauche mir nach&hellip;&nbsp;<a href=\"https:\/\/vunderatert.lu\/2020\/06\/crowdfunding-le-gaart-a-vous-a-besoin-de-materiel\/\" class=\"\" rel=\"bookmark\">Weiterlesen &raquo;<span class=\"screen-reader-text\">Crowdfunding \u2013 de Gaart-\u00e0-vous brauch Material<\/span><\/a><\/p>\n","protected":false},"author":2,"featured_media":409,"comment_status":"closed","ping_status":"open","sticky":false,"template":"","format":"standard","meta":{"neve_meta_sidebar":"","neve_meta_container":"","neve_meta_enable_content_width":"off","neve_meta_content_width":0,"neve_meta_title_alignment":"","neve_meta_author_avatar":"","neve_post_elements_order":"","neve_meta_disable_header":"","neve_meta_disable_footer":"","neve_meta_disable_title":"","_themeisle_gutenberg_block_has_review":false},"categories":[12],"tags":[49],"_links":{"self":[{"href":"https:\/\/vunderatert.lu\/wp-json\/wp\/v2\/posts\/614"}],"collection":[{"href":"https:\/\/vunderatert.lu\/wp-json\/wp\/v2\/posts"}],"about":[{"href":"https:\/\/vunderatert.lu\/wp-json\/wp\/v2\/types\/post"}],"author":[{"embeddable":true,"href":"https:\/\/vunderatert.lu\/wp-json\/wp\/v2\/users\/2"}],"replies":[{"embeddable":true,"href":"https:\/\/vunderatert.lu\/wp-json\/wp\/v2\/comments?post=614"}],"version-history":[{"count":1,"href":"https:\/\/vunderatert.lu\/wp-json\/wp\/v2\/posts\/614\/revisions"}],"predecessor-version":[{"id":1239,"href":"https:\/\/vunderatert.lu\/wp-json\/wp\/v2\/posts\/614\/revisions\/1239"}],"wp:featuredmedia":[{"embeddable":true,"href":"https:\/\/vunderatert.lu\/wp-json\/wp\/v2\/media\/409"}],"wp:attachment":[{"href":"https:\/\/vunderatert.lu\/wp-json\/wp\/v2\/media?parent=614"}],"wp:term":[{"taxonomy":"category","embeddable":true,"href":"https:\/\/vunderatert.lu\/wp-json\/wp\/v2\/categories?post=614"},{"taxonomy":"post_tag","embeddable":true,"href":"https:\/\/vunderatert.lu\/wp-json\/wp\/v2\/tags?post=614"}],"curies":[{"name":"wp","href":"https:\/\/api.w.org\/{rel}","templated":true}]}}