{"id":957,"date":"2020-11-26T01:45:25","date_gmt":"2020-11-26T00:45:25","guid":{"rendered":"https:\/\/vunderatert.lu\/?p=957"},"modified":"2023-02-02T16:17:50","modified_gmt":"2023-02-02T15:17:50","slug":"assemblee-generale-2020","status":"publish","type":"post","link":"https:\/\/vunderatert.lu\/2020\/11\/assemblee-generale-2020\/","title":{"rendered":"Assembl\u00e9e G\u00e9n\u00e9rale 2020"},"content":{"rendered":"\n<p>Au vu du conditions sanitaires en vigueur la coop\u00e9rative Vun der Atert organisera cette ann\u00e9e une <strong>assembl\u00e9e g\u00e9n\u00e9rale virtuelle<\/strong> pour <strong>cl\u00f4turer officiellement l&#8217;ann\u00e9e 2019<\/strong>, sans la pr\u00e9sence des coop\u00e9rateurs.<\/p>\n\n\n\n<p>Nous organiserons ensuite assez rapidement une nouvelle \u00e9dition se rapportant \u00e0 l&#8217;ann\u00e9e 2020. Inutile d&#8217;attendre aussi longtemps cette fois, pour continuer sur de bonnes bases \ud83d\ude09<\/p>\n\n\n\n<h3>Information et r\u00e9ponses<\/h3>\n\n\n\n<p>Nous invitons tous les coop\u00e9rateurs\/trices \u00e0 consulter les documents ci-dessous et nous faire parvenir vos <strong>questions, remarques et suggestions avant le 7 f\u00e9vrier<\/strong>. Soit par email (<a href=\"mailto:vunderatert+AG@gmail.com\">vunderatert+AG@gmail.com<\/a>), soit (de pr\u00e9f\u00e9rence) <strong>par un commentaire au bas de cette page<\/strong>. Nous r\u00e9pondrons \u00e0 vos questions dans la section &#171;<a href=\"#QR\">questions &amp; r\u00e9ponses<\/a>&#187; ci-dessous, dans la mesure du possible avant le 8 f\u00e9vrier.<\/p>\n\n\n\n<h3>Vote<\/h3>\n\n\n\n<p>Vous pourrez <strong>voter entre le 30 janvier et le 14 f\u00e9vrier <\/strong>en utilisant le code d&#8217;acc\u00e8s personnalis\u00e9 que vous recevrez par email.<\/p>\n\n\n\n<p>Il est important pour nous que chacun.e prenne le temps de voter pour que notre Assembl\u00e9e G\u00e9n\u00e9rale puisse \u00eatre consid\u00e9r\u00e9e valable.<\/p>\n\n\n\n<h3>Documents utiles<\/h3>\n\n\n\n<p>Une <a rel=\"noreferrer noopener\" href=\"https:\/\/drive.google.com\/file\/d\/1Bud1V80F2Zo0DLPgmIVpOBlRm5jy8xHx\/view?usp=sharing\" target=\"_blank\">pr\u00e9sentation digitale pour l&#8217;assembl\u00e9e digitale<\/a> regroupe tous les documents utiles et les explications pr\u00e9par\u00e9es par le Conseil d&#8217;Administration. Nous vous proposons de la consulter \u00e0 votre rythme avant de passer au vote. <\/p>\n\n\n\n<div class=\"is-layout-flex wp-block-buttons\">\n<div class=\"wp-block-button\"><a class=\"wp-block-button__link\" href=\"https:\/\/drive.google.com\/file\/d\/1Bud1V80F2Zo0DLPgmIVpOBlRm5jy8xHx\/view?usp=sharing\" target=\"_blank\" rel=\"noreferrer noopener\">Lire la pr\u00e9sentation pour l&#8217;AG 2019<\/a><\/div>\n<\/div>\n\n\n\n<p>Si vous avez des questions ou des commentaires ajoutez-les simplement au bas de cette page.<\/p>\n\n\n\n<h2 id=\"QA\">Questions et r\u00e9ponses<\/h2>\n\n\n\n<p class=\"sep ticss-155be6fc\"><em>Cynthia \/\/ historique des comptes<\/em>: Hues du den d\u00e9tail vum Posten \u2018clients ouverts\u2019 2019; do schengen nach 4.642 EUR vun 2019 net bezuelt ze sin vun clients?<\/p>\n\n\n\n<p><em>R\u00e9ponse<\/em>: d\u00e9i Betr\u00e4g d\u00e9i opstinn sinn 3599 \u20ac ODS, 1349 \u20ac vum De K\u00e4r an 2 Rechnungen vun de Poueten. Alles ass Ugangs 2020 bezuelt ginn. Merci Cynthia.<\/p>\n\n\n\n<p class=\"sep\"><em>Castor \/\/ crowdfunding: <\/em>Pourriez- vous me dire o\u00f9 se situent les revenus li\u00e9s au Crowdfunding r\u00e9alis\u00e9 en 2020?<\/p>\n\n\n\n<p><em>R\u00e9ponse<\/em>:  Le crowdfunding a rassembl\u00e9 4928,35 \u20ac, et les autres dons et sponsoring re\u00e7us par la coop\u00e9rative en 2020 se montent \u00e0 810 \u20ac, soit un total de 5738,35 \u20ac. Ces chiffres concernant cependant la saison 2020, ils seront int\u00e9gr\u00e9s dans les documents de l&#8217;AG suivante. Cette AG-ci \u00e9tant (malheureusement encore) d\u00e9di\u00e9e \u00e0 la saison 2019.<\/p>\n\n\n\n<h2>Divers<\/h2>\n\n\n\n<p>Toute assembl\u00e9e g\u00e9n\u00e9rale est cl\u00f4tur\u00e9e par quelques points de discussion. SI vous souhaitez ajouter les v\u00f4tres envoyez-les nous par email jusqu&#8217;au 7 f\u00e9vrier: <a href=\"mailto:vunderatert+AG@gmail.com\">vunderatert+AG@gmail.com<\/a><\/p>\n\n\n\n<h3>Participation<\/h3>\n\n\n\n<p>Comme vous le savez normalement d\u00e9j\u00e0, la coop\u00e9rative a besoin de renforcer son \u00e9quipe active.<\/p>\n\n\n\n<p>Nous lan\u00e7ons donc un appel \u00e0 toutes les personnes de bonne volont\u00e9 qui voudraient partager un peu de leur temps et leurs comp\u00e9tences pour <strong>nous aider dans la gestion de la coop\u00e9rative<\/strong>, et en particulier:<\/p>\n\n\n\n<ul><li>la comptabilit\u00e9 (pour \u00e9tablir les comptes annuels et les reviser)<\/li><li>la communication (principalement digitale) sur nos actions (viande, jus, l\u00e9gumes, ateliers,&#8230;)<\/li><li>la coordination des b\u00e9n\u00e9voles aidant aux distributions hebdomadaires de l\u00e9gumes<\/li><li>le suivi des paiements et commandes de colis de viande<\/li><li>l&#8217;organisation des distributions des colis de viande<\/li><li>l&#8217;organisation de r\u00e9coltes de fruits dans les vergers alentours (en saison)<\/li><li>la livraison de nos l\u00e9gumes aux collectivit\u00e9s du canton (1 x par semaine)<\/li><li>l&#8217;organisation de l&#8217;assembl\u00e9e g\u00e9n\u00e9rale et la pr\u00e9paration des informations y relatives.<\/li><li>le lancement d&#8217;un autre projet qui vous tient \u00e0 coeur dans l&#8217;id\u00e9e des <a href=\"https:\/\/vunderatert.lu\/2020\/11\/nos-status\/\" data-type=\"post\" data-id=\"958\">valeurs de notre coop\u00e9rative<\/a>.<\/li><\/ul>\n\n\n\n<p>Merci de nous adresser un court email (<a href=\"mailto:vunderatert+CA@gmail.com\">vunderatert+CA@gmail.com<\/a>) pour nous signaler votre <strong>disponibilit\u00e9<\/strong> pour l&#8217;un ou l&#8217;autre de ces travaux, ou pour vos questions, <strong>avant le 7 f\u00e9vrier<\/strong>.<\/p>\n\n\n\n<h3>Election d&#8217;un nouvel administrateur d\u00e9l\u00e9gu\u00e9<\/h3>\n\n\n\n<p>Apr\u00e8s 5 ans de services d\u00e9vou\u00e9s, motiv\u00e9s et avec un bel impact, Ingrid Van der Kley souhaite terminer cette ann\u00e9e son r\u00f4le d&#8217;administratice d\u00e9l\u00e9gu\u00e9e.<\/p>\n\n\n\n<p>Nous sommes donc \u00e0 la recherche d&#8217;une personne b\u00e9n\u00e9vole pour remplir cette t\u00e2che importante dont le r\u00f4le est relativement ouvert, dans l&#8217;id\u00e9e des <a href=\"https:\/\/vunderatert.lu\/2020\/11\/nos-status\/\">valeurs et de l&#8217;\u00e9thique de notre coop\u00e9rative<\/a>. Il s&#8217;agit aussi d&#8217;orienter le futur de la coop\u00e9rative avec les membres du Conseil d&#8217;Administration; et de coordonner des initiatives diverses (sans n\u00e9cesssairement les assumer personnellement!).<\/p>\n\n\n\n<p>Merci de nous adresser un court email (<a href=\"mailto:vunderatert+CA@gmail.com\">vunderatert+CA@gmail.com<\/a>) pour nous signaler votre <strong>candidature<\/strong> ou vos questions <strong>avant le 7 f\u00e9vrier<\/strong>.<\/p>\n","protected":false},"excerpt":{"rendered":"<p>Au vu du conditions sanitaires en vigueur la coop\u00e9rative Vun der Atert organisera cette ann\u00e9e une assembl\u00e9e g\u00e9n\u00e9rale virtuelle pour cl\u00f4turer officiellement l&#8217;ann\u00e9e 2019, sans la pr\u00e9sence des coop\u00e9rateurs. Nous organiserons ensuite assez rapidement une nouvelle \u00e9dition se rapportant \u00e0 l&#8217;ann\u00e9e 2020. Inutile d&#8217;attendre aussi longtemps cette fois, pour continuer sur de bonnes bases \ud83d\ude09&hellip;&nbsp;<a href=\"https:\/\/vunderatert.lu\/2020\/11\/assemblee-generale-2020\/\" class=\"\" rel=\"bookmark\">Weiterlesen &raquo;<span class=\"screen-reader-text\">Assembl\u00e9e G\u00e9n\u00e9rale 2020<\/span><\/a><\/p>\n","protected":false},"author":1,"featured_media":965,"comment_status":"closed","ping_status":"open","sticky":false,"template":"","format":"standard","meta":{"neve_meta_sidebar":"","neve_meta_container":"","neve_meta_enable_content_width":"","neve_meta_content_width":0,"neve_meta_title_alignment":"","neve_meta_author_avatar":"","neve_post_elements_order":"","neve_meta_disable_header":"","neve_meta_disable_footer":"","neve_meta_disable_title":"","_themeisle_gutenberg_block_has_review":false},"categories":[107],"tags":[],"_links":{"self":[{"href":"https:\/\/vunderatert.lu\/wp-json\/wp\/v2\/posts\/957"}],"collection":[{"href":"https:\/\/vunderatert.lu\/wp-json\/wp\/v2\/posts"}],"about":[{"href":"https:\/\/vunderatert.lu\/wp-json\/wp\/v2\/types\/post"}],"author":[{"embeddable":true,"href":"https:\/\/vunderatert.lu\/wp-json\/wp\/v2\/users\/1"}],"replies":[{"embeddable":true,"href":"https:\/\/vunderatert.lu\/wp-json\/wp\/v2\/comments?post=957"}],"version-history":[{"count":1,"href":"https:\/\/vunderatert.lu\/wp-json\/wp\/v2\/posts\/957\/revisions"}],"predecessor-version":[{"id":1233,"href":"https:\/\/vunderatert.lu\/wp-json\/wp\/v2\/posts\/957\/revisions\/1233"}],"wp:featuredmedia":[{"embeddable":true,"href":"https:\/\/vunderatert.lu\/wp-json\/wp\/v2\/media\/965"}],"wp:attachment":[{"href":"https:\/\/vunderatert.lu\/wp-json\/wp\/v2\/media?parent=957"}],"wp:term":[{"taxonomy":"category","embeddable":true,"href":"https:\/\/vunderatert.lu\/wp-json\/wp\/v2\/categories?post=957"},{"taxonomy":"post_tag","embeddable":true,"href":"https:\/\/vunderatert.lu\/wp-json\/wp\/v2\/tags?post=957"}],"curies":[{"name":"wp","href":"https:\/\/api.w.org\/{rel}","templated":true}]}}